{"id":1219,"date":"2021-10-15T22:57:14","date_gmt":"2021-10-15T20:57:14","guid":{"rendered":"http:\/\/www.ecolesaintyvesnantes.fr\/site\/?p=1219"},"modified":"2021-10-15T22:58:10","modified_gmt":"2021-10-15T20:58:10","slug":"vente-de-gouter-le-vendredi-22-octobre","status":"publish","type":"post","link":"https:\/\/www.ecolesaintyvesnantes.fr\/site\/2021\/10\/15\/vente-de-gouter-le-vendredi-22-octobre\/","title":{"rendered":"VENTE DE GO\u00dbTER LE VENDREDI 22 OCTOBRE"},"content":{"rendered":"<div class=\"kvgmc6g5 cxmmr5t8 oygrvhab hcukyx3x c1et5uql ii04i59q\">\n<div dir=\"auto\">L\u2019APEL Saint-Yves organise une vente de viennoiseries et de jus de fruit le vendredi 22 octobre \u00e0 partir de 16h40. <span class=\"pq6dq46d tbxw36s4 knj5qynh kvgmc6g5 ditlmg2l oygrvhab nvdbi5me sf5mxxl7 gl3lb2sf hhz5lgdu\"><img loading=\"lazy\" decoding=\"async\" src=\"https:\/\/static.xx.fbcdn.net\/images\/emoji.php\/v9\/t9f\/2\/16\/1f60b.png\" alt=\"\ud83d\ude0b\" width=\"16\" height=\"16\"><\/span><\/div>\n<\/div>\n<div class=\"o9v6fnle cxmmr5t8 oygrvhab hcukyx3x c1et5uql ii04i59q\">\n<div dir=\"auto\">Les b\u00e9n\u00e9fices de cette vente seront int\u00e9gralement revers\u00e9s au profit des projets de l\u2019\u00e9cole. Pensez \u00e0 donner une pi\u00e8ce \u00e0 vos enfants !<\/div>\n<\/div>\n<div class=\"o9v6fnle cxmmr5t8 oygrvhab hcukyx3x c1et5uql ii04i59q\">\n<div dir=\"auto\">Bon weekend et belle semaine \u00e0 tous !<\/div>\n<\/div>\n<div dir=\"auto\">&nbsp;<\/div>\n<div dir=\"auto\"><img loading=\"lazy\" decoding=\"async\" class=\"alignnone size-full wp-image-1220\" src=\"http:\/\/www.ecolesaintyvesnantes.fr\/site\/wp-content\/uploads\/2021\/10\/com-facebook-vente-viennoiseries-octobre-scaled.jpg\" alt=\"\" width=\"2560\" height=\"2560\" srcset=\"https:\/\/www.ecolesaintyvesnantes.fr\/site\/wp-content\/uploads\/2021\/10\/com-facebook-vente-viennoiseries-octobre-scaled.jpg 2560w, https:\/\/www.ecolesaintyvesnantes.fr\/site\/wp-content\/uploads\/2021\/10\/com-facebook-vente-viennoiseries-octobre-300x300.jpg 300w, https:\/\/www.ecolesaintyvesnantes.fr\/site\/wp-content\/uploads\/2021\/10\/com-facebook-vente-viennoiseries-octobre-1024x1024.jpg 1024w, https:\/\/www.ecolesaintyvesnantes.fr\/site\/wp-content\/uploads\/2021\/10\/com-facebook-vente-viennoiseries-octobre-150x150.jpg 150w, https:\/\/www.ecolesaintyvesnantes.fr\/site\/wp-content\/uploads\/2021\/10\/com-facebook-vente-viennoiseries-octobre-768x768.jpg 768w, https:\/\/www.ecolesaintyvesnantes.fr\/site\/wp-content\/uploads\/2021\/10\/com-facebook-vente-viennoiseries-octobre-1536x1536.jpg 1536w, https:\/\/www.ecolesaintyvesnantes.fr\/site\/wp-content\/uploads\/2021\/10\/com-facebook-vente-viennoiseries-octobre-2048x2048.jpg 2048w\" sizes=\"auto, (max-width: 2560px) 100vw, 2560px\" \/><\/div>\n","protected":false},"excerpt":{"rendered":"<p>L\u2019APEL Saint-Yves organise une vente de viennoiseries et de jus de fruit le vendredi 22 octobre \u00e0 partir de 16h40. Les b\u00e9n\u00e9fices de cette vente seront int\u00e9gralement revers\u00e9s au profit des projets de l\u2019\u00e9cole. Pensez \u00e0 donner une pi\u00e8ce \u00e0 vos enfants ! Bon weekend et belle semaine \u00e0 tous ! &nbsp;<\/p>\n","protected":false},"author":24,"featured_media":1220,"comment_status":"closed","ping_status":"closed","sticky":false,"template":"","format":"standard","meta":{"ngg_post_thumbnail":0,"footnotes":""},"categories":[20],"tags":[],"class_list":["post-1219","post","type-post","status-publish","format-standard","has-post-thumbnail","hentry","category-apel"],"_links":{"self":[{"href":"https:\/\/www.ecolesaintyvesnantes.fr\/site\/wp-json\/wp\/v2\/posts\/1219","targetHints":{"allow":["GET"]}}],"collection":[{"href":"https:\/\/www.ecolesaintyvesnantes.fr\/site\/wp-json\/wp\/v2\/posts"}],"about":[{"href":"https:\/\/www.ecolesaintyvesnantes.fr\/site\/wp-json\/wp\/v2\/types\/post"}],"author":[{"embeddable":true,"href":"https:\/\/www.ecolesaintyvesnantes.fr\/site\/wp-json\/wp\/v2\/users\/24"}],"replies":[{"embeddable":true,"href":"https:\/\/www.ecolesaintyvesnantes.fr\/site\/wp-json\/wp\/v2\/comments?post=1219"}],"version-history":[{"count":5,"href":"https:\/\/www.ecolesaintyvesnantes.fr\/site\/wp-json\/wp\/v2\/posts\/1219\/revisions"}],"predecessor-version":[{"id":1225,"href":"https:\/\/www.ecolesaintyvesnantes.fr\/site\/wp-json\/wp\/v2\/posts\/1219\/revisions\/1225"}],"wp:featuredmedia":[{"embeddable":true,"href":"https:\/\/www.ecolesaintyvesnantes.fr\/site\/wp-json\/wp\/v2\/media\/1220"}],"wp:attachment":[{"href":"https:\/\/www.ecolesaintyvesnantes.fr\/site\/wp-json\/wp\/v2\/media?parent=1219"}],"wp:term":[{"taxonomy":"category","embeddable":true,"href":"https:\/\/www.ecolesaintyvesnantes.fr\/site\/wp-json\/wp\/v2\/categories?post=1219"},{"taxonomy":"post_tag","embeddable":true,"href":"https:\/\/www.ecolesaintyvesnantes.fr\/site\/wp-json\/wp\/v2\/tags?post=1219"}],"curies":[{"name":"wp","href":"https:\/\/api.w.org\/{rel}","templated":true}]}}