{"id":21240,"date":"2025-11-27T08:27:41","date_gmt":"2025-11-27T07:27:41","guid":{"rendered":"https:\/\/www.ecolesaintyvesnantes.fr\/site\/?p=21240"},"modified":"2025-11-27T08:27:41","modified_gmt":"2025-11-27T07:27:41","slug":"nouveau-latelier-des-lutins-viens-fabriquer-la-magie-de-noel","status":"publish","type":"post","link":"https:\/\/www.ecolesaintyvesnantes.fr\/site\/2025\/11\/27\/nouveau-latelier-des-lutins-viens-fabriquer-la-magie-de-noel\/","title":{"rendered":"NOUVEAU : L\u2019Atelier des Lutins, viens fabriquer la magie de No\u00ebl !"},"content":{"rendered":"<p data-start=\"158\" data-end=\"421\"><span style=\"color: #000000; font-size: 14pt;\">Ch\u00e8res familles<\/span><span style=\"color: #000000; font-size: 14pt;\">,<\/span><\/p>\n<p data-start=\"158\" data-end=\"421\"><span style=\"color: #000000; font-size: 14pt;\">Cette ann\u00e9e, l\u2019APEL a une surprise dans sa hotte : un tout nouvel \u00e9v\u00e9nement rien que pour les petits cr\u00e9ateurs et leurs parents ! \ud83c\udf84\u2728<\/span><br data-start=\"291\" data-end=\"294\"><span style=\"color: #000000; font-size: 14pt;\">Bienvenue \u00e0 <strong data-start=\"306\" data-end=\"330\">l\u2019Atelier des P&rsquo;tits Lutins<\/strong>, un moment o\u00f9 l\u2019on d\u00e9coupe, colle, brille, invente\u2026 et surtout, o\u00f9 l\u2019on s\u2019amuse ensemble !<\/span><\/p>\n<p data-start=\"158\" data-end=\"421\"><span style=\"color: #000000; font-size: 14pt;\">\ud83d\udcc5 <strong data-start=\"889\" data-end=\"926\">Samedi 29 novembre \u2013 de 14h \u00e0 16h<\/strong><\/span><br data-start=\"926\" data-end=\"929\"><span style=\"color: #000000; font-size: 14pt;\">\ud83d\udccd <strong data-start=\"932\" data-end=\"1008\">Dans la salle de motricit\u00e9\/sieste des maternelles (en face du portail)<\/strong><\/span><\/p>\n<p data-start=\"158\" data-end=\"421\"><img loading=\"lazy\" decoding=\"async\" class=\"aligncenter size-full wp-image-21242\" src=\"http:\/\/www.ecolesaintyvesnantes.fr\/site\/wp-content\/uploads\/2025\/11\/Lutins.jpeg\" alt=\"\" width=\"293\" height=\"172\"><\/p>\n<p data-start=\"423\" data-end=\"678\"><span style=\"color: #000000; font-size: 14pt;\">Parents et enfants pourront fabriquer de jolis objets de No\u00ebl : d\u00e9corations scintillantes, petits bricolages, id\u00e9es magiques \u00e0 suspendre ou \u00e0 offrir\u2026 L\u2019occasion parfaite pour passer un <strong data-start=\"608\" data-end=\"627\">moment complice<\/strong>, les mains dans les paillettes et le c\u0153ur en f\u00eate.\u2744\ufe0f\ud83c\udf1f<\/span><\/p>\n<p data-start=\"680\" data-end=\"884\"><span style=\"color: #000000; font-size: 14pt;\">Toutes ces belles cr\u00e9ations seront ensuite vendues lors de <strong>notre march\u00e9 de No\u00ebl du 5 d\u00e9cembre<\/strong>, afin de soutenir les projets p\u00e9dagogiques de l\u2019\u00e9cole. Une belle fa\u00e7on de faire rimer cr\u00e9ativit\u00e9 et solidarit\u00e9 !\ud83d\udcab\u26c4<\/span><\/p>\n<p data-start=\"1010\" data-end=\"1131\"><span style=\"color: #000000; font-size: 14pt;\">Alors, pr\u00eats \u00e0 enfiler vos bonnets de lutins et vos pulls de f\u00eate ?<\/span><br data-start=\"1056\" data-end=\"1059\"><span style=\"color: #000000; font-size: 14pt;\">On vous attend pour un apr\u00e8s-midi joyeux, cr\u00e9atif\u2026 et 100 % No\u00ebl ! \u2728\ud83e\uddf5<\/span><\/p>\n<p data-start=\"1010\" data-end=\"1131\"><span style=\"color: #000000; font-size: 14pt;\">L&rsquo;\u00e9quipe de l&rsquo;APEL <\/span><\/p>\n","protected":false},"excerpt":{"rendered":"<p>Ch\u00e8res familles, Cette ann\u00e9e, l\u2019APEL a une surprise dans sa hotte : un tout nouvel \u00e9v\u00e9nement rien que pour les petits cr\u00e9ateurs et leurs parents ! \ud83c\udf84\u2728Bienvenue \u00e0 l\u2019Atelier des P&rsquo;tits Lutins, un moment o\u00f9 l\u2019on d\u00e9coupe, colle, brille, invente\u2026 et surtout, o\u00f9 l\u2019on s\u2019amuse ensemble ! \ud83d\udcc5 Samedi 29 novembre \u2013 de 14h \u00e0<\/p>\n<p><a href=\"https:\/\/www.ecolesaintyvesnantes.fr\/site\/2025\/11\/27\/nouveau-latelier-des-lutins-viens-fabriquer-la-magie-de-noel\/\" class=\"more-link themebutton\">Read More<\/a><\/p>\n","protected":false},"author":24,"featured_media":21243,"comment_status":"closed","ping_status":"closed","sticky":false,"template":"","format":"standard","meta":{"ngg_post_thumbnail":0,"footnotes":""},"categories":[15,38,20,17,18,19,1],"tags":[],"class_list":["post-21240","post","type-post","status-publish","format-standard","has-post-thumbnail","hentry","category-actualites","category-actualites-2","category-apel","category-cycle1","category-cycle2","category-cycle3","category-non-classe"],"_links":{"self":[{"href":"https:\/\/www.ecolesaintyvesnantes.fr\/site\/wp-json\/wp\/v2\/posts\/21240","targetHints":{"allow":["GET"]}}],"collection":[{"href":"https:\/\/www.ecolesaintyvesnantes.fr\/site\/wp-json\/wp\/v2\/posts"}],"about":[{"href":"https:\/\/www.ecolesaintyvesnantes.fr\/site\/wp-json\/wp\/v2\/types\/post"}],"author":[{"embeddable":true,"href":"https:\/\/www.ecolesaintyvesnantes.fr\/site\/wp-json\/wp\/v2\/users\/24"}],"replies":[{"embeddable":true,"href":"https:\/\/www.ecolesaintyvesnantes.fr\/site\/wp-json\/wp\/v2\/comments?post=21240"}],"version-history":[{"count":5,"href":"https:\/\/www.ecolesaintyvesnantes.fr\/site\/wp-json\/wp\/v2\/posts\/21240\/revisions"}],"predecessor-version":[{"id":21248,"href":"https:\/\/www.ecolesaintyvesnantes.fr\/site\/wp-json\/wp\/v2\/posts\/21240\/revisions\/21248"}],"wp:featuredmedia":[{"embeddable":true,"href":"https:\/\/www.ecolesaintyvesnantes.fr\/site\/wp-json\/wp\/v2\/media\/21243"}],"wp:attachment":[{"href":"https:\/\/www.ecolesaintyvesnantes.fr\/site\/wp-json\/wp\/v2\/media?parent=21240"}],"wp:term":[{"taxonomy":"category","embeddable":true,"href":"https:\/\/www.ecolesaintyvesnantes.fr\/site\/wp-json\/wp\/v2\/categories?post=21240"},{"taxonomy":"post_tag","embeddable":true,"href":"https:\/\/www.ecolesaintyvesnantes.fr\/site\/wp-json\/wp\/v2\/tags?post=21240"}],"curies":[{"name":"wp","href":"https:\/\/api.w.org\/{rel}","templated":true}]}}