{"id":21264,"date":"2025-12-01T18:17:18","date_gmt":"2025-12-01T17:17:18","guid":{"rendered":"https:\/\/www.ecolesaintyvesnantes.fr\/site\/?p=21264"},"modified":"2025-12-01T18:17:32","modified_gmt":"2025-12-01T17:17:32","slug":"%f0%9f%8e%84-atelier-des-ptits-lutin-un-grand-merci-a-tous-%f0%9f%8e%84","status":"publish","type":"post","link":"https:\/\/www.ecolesaintyvesnantes.fr\/site\/2025\/12\/01\/%f0%9f%8e%84-atelier-des-ptits-lutin-un-grand-merci-a-tous-%f0%9f%8e%84\/","title":{"rendered":"\ud83c\udf84 Atelier des P&rsquo;tits Lutins : un grand merci \u00e0 tous ! \ud83c\udf84"},"content":{"rendered":"<p><strong><span style=\"font-size: 14pt; color: #000000;\">Ch\u00e8res familles,<\/span><\/strong><\/p>\n<p><span style=\"font-size: 14pt; color: #000000;\">Samedi dernier, notre atelier des P\u2019tits Lutins a \u00e9t\u00e9 un merveilleux moment de <strong>partage<\/strong> et de <strong>magie<\/strong> !&nbsp;<\/span><span style=\"color: #000000; font-size: 18.6667px;\">Parents, enfants, grands-parents\u2026 vous \u00e9tiez nombreux au rendez-vous, et nous vous remercions chaleureusement pour votre&nbsp;<\/span><strong style=\"color: #000000; font-size: 18.6667px;\">enthousiasme<\/strong><span style=\"color: #000000; font-size: 18.6667px;\">, votre&nbsp;<\/span><strong style=\"color: #000000; font-size: 18.6667px;\">bonne humeur<\/strong><span style=\"color: #000000; font-size: 18.6667px;\">&nbsp;et votre&nbsp;<\/span><strong style=\"color: #000000; font-size: 18.6667px;\">investissement<\/strong><span style=\"color: #000000; font-size: 18.6667px;\">.&nbsp;<\/span>\u2744\ufe0f\ud83c\udf1f<\/p>\n<p><img loading=\"lazy\" decoding=\"async\" class=\"wp-image-21262 aligncenter\" style=\"text-align: justify;\" src=\"http:\/\/www.ecolesaintyvesnantes.fr\/site\/wp-content\/uploads\/2025\/12\/20251201_152414-COLLAGE-scaled.jpg\" alt=\"\" width=\"300\" height=\"400\" srcset=\"https:\/\/www.ecolesaintyvesnantes.fr\/site\/wp-content\/uploads\/2025\/12\/20251201_152414-COLLAGE-scaled.jpg 1923w, https:\/\/www.ecolesaintyvesnantes.fr\/site\/wp-content\/uploads\/2025\/12\/20251201_152414-COLLAGE-225x300.jpg 225w, https:\/\/www.ecolesaintyvesnantes.fr\/site\/wp-content\/uploads\/2025\/12\/20251201_152414-COLLAGE-769x1024.jpg 769w, https:\/\/www.ecolesaintyvesnantes.fr\/site\/wp-content\/uploads\/2025\/12\/20251201_152414-COLLAGE-768x1022.jpg 768w, https:\/\/www.ecolesaintyvesnantes.fr\/site\/wp-content\/uploads\/2025\/12\/20251201_152414-COLLAGE-1154x1536.jpg 1154w, https:\/\/www.ecolesaintyvesnantes.fr\/site\/wp-content\/uploads\/2025\/12\/20251201_152414-COLLAGE-1538x2048.jpg 1538w\" sizes=\"auto, (max-width: 300px) 100vw, 300px\" \/><\/p>\n<p><span style=\"font-size: 14pt; color: #000000;\">\u00c0 l\u2019approche de l\u2019Avent, p\u00e9riode de pr\u00e9paration et de joie dans la tradition chr\u00e9tienne, petits et grands ont r\u00e9alis\u00e9 avec soin de <strong>jolies suspensions de No\u00ebl et petites cr\u00e8ches d\u00e9coratives<\/strong>. &nbsp;<\/span><span style=\"font-size: 14pt; color: #000000;\">L\u2019ambiance de l\u2019atelier a \u00e9t\u00e9 particuli\u00e8rement joyeuse : musique de No\u00ebl, pulls festifs, accessoires scintillants\u2026 tout \u00e9tait r\u00e9uni pour vivre un moment <strong>convivial, cr\u00e9atif et chaleureux<\/strong>. <\/span>\ud83e\uddf5\u2728<br \/>\n<span style=\"font-size: 14pt; color: #000000;\">Toutes ces belles cr\u00e9ations, impr\u00e9gn\u00e9es de l\u2019esprit de No\u00ebl et du message d\u2019esp\u00e9rance qui l\u2019accompagne, seront propos\u00e9es \u00e0 la vente lors du <strong>march\u00e9 de No\u00ebl de l\u2019\u00e9cole vendredi prochain (5 d\u00e9cembre de 18h \u00e0 22h)<\/strong>.<\/span><\/p>\n<p style=\"text-align: justify;\"><img loading=\"lazy\" decoding=\"async\" class=\"wp-image-21263 alignleft\" style=\"color: #000000; font-size: 18.6667px;\" src=\"http:\/\/www.ecolesaintyvesnantes.fr\/site\/wp-content\/uploads\/2025\/12\/20251201_152540-COLLAGE-scaled.jpg\" alt=\"\" width=\"300\" height=\"400\" srcset=\"https:\/\/www.ecolesaintyvesnantes.fr\/site\/wp-content\/uploads\/2025\/12\/20251201_152540-COLLAGE-scaled.jpg 1923w, https:\/\/www.ecolesaintyvesnantes.fr\/site\/wp-content\/uploads\/2025\/12\/20251201_152540-COLLAGE-225x300.jpg 225w, https:\/\/www.ecolesaintyvesnantes.fr\/site\/wp-content\/uploads\/2025\/12\/20251201_152540-COLLAGE-769x1024.jpg 769w, https:\/\/www.ecolesaintyvesnantes.fr\/site\/wp-content\/uploads\/2025\/12\/20251201_152540-COLLAGE-768x1022.jpg 768w, https:\/\/www.ecolesaintyvesnantes.fr\/site\/wp-content\/uploads\/2025\/12\/20251201_152540-COLLAGE-1154x1536.jpg 1154w, https:\/\/www.ecolesaintyvesnantes.fr\/site\/wp-content\/uploads\/2025\/12\/20251201_152540-COLLAGE-1538x2048.jpg 1538w\" sizes=\"auto, (max-width: 300px) 100vw, 300px\" \/><img loading=\"lazy\" decoding=\"async\" class=\"aligncenter wp-image-21261\" src=\"http:\/\/www.ecolesaintyvesnantes.fr\/site\/wp-content\/uploads\/2025\/12\/20251201_151515-COLLAGE-scaled.jpg\" alt=\"\" width=\"300\" height=\"400\" srcset=\"https:\/\/www.ecolesaintyvesnantes.fr\/site\/wp-content\/uploads\/2025\/12\/20251201_151515-COLLAGE-scaled.jpg 1923w, https:\/\/www.ecolesaintyvesnantes.fr\/site\/wp-content\/uploads\/2025\/12\/20251201_151515-COLLAGE-225x300.jpg 225w, https:\/\/www.ecolesaintyvesnantes.fr\/site\/wp-content\/uploads\/2025\/12\/20251201_151515-COLLAGE-769x1024.jpg 769w, https:\/\/www.ecolesaintyvesnantes.fr\/site\/wp-content\/uploads\/2025\/12\/20251201_151515-COLLAGE-768x1022.jpg 768w, https:\/\/www.ecolesaintyvesnantes.fr\/site\/wp-content\/uploads\/2025\/12\/20251201_151515-COLLAGE-1154x1536.jpg 1154w, https:\/\/www.ecolesaintyvesnantes.fr\/site\/wp-content\/uploads\/2025\/12\/20251201_151515-COLLAGE-1538x2048.jpg 1538w\" sizes=\"auto, (max-width: 300px) 100vw, 300px\" \/><\/p>\n<p>&nbsp;<\/p>\n<p><span style=\"font-size: 14pt; color: #000000;\">Gr\u00e2ce \u00e0 vous, ces d\u00e9corations feront <strong>rayonner les f\u00eates<\/strong> \u00e0 venir et les fonds r\u00e9colt\u00e9s contribueront au <strong>financement des projets p\u00e9dagogiques de l\u2019\u00e9quipe \u00e9ducative pour tous les enfants de l&rsquo;\u00e9cole<\/strong>. \ud83c\udf84\u2728<\/span><\/p>\n<p><span style=\"font-size: 14pt; color: #000000;\">Un immense merci \u00e0 chacune et chacun ! \ud83d\udcab\u26c4<\/span><\/p>\n<p><strong><span style=\"font-size: 14pt; color: #000000;\">L\u2019\u00e9quipe de l\u2019APEL Saint-Yves<\/span><\/strong><\/p>\n","protected":false},"excerpt":{"rendered":"<p>Ch\u00e8res familles, Samedi dernier, notre atelier des P\u2019tits Lutins a \u00e9t\u00e9 un merveilleux moment de partage et de magie !&nbsp;Parents, enfants, grands-parents\u2026 vous \u00e9tiez nombreux au rendez-vous, et nous vous remercions chaleureusement pour votre&nbsp;enthousiasme, votre&nbsp;bonne humeur&nbsp;et votre&nbsp;investissement.&nbsp;\u2744\ufe0f\ud83c\udf1f \u00c0 l\u2019approche de l\u2019Avent, p\u00e9riode de pr\u00e9paration et de joie dans la tradition chr\u00e9tienne, petits et grands ont<\/p>\n<p><a href=\"https:\/\/www.ecolesaintyvesnantes.fr\/site\/2025\/12\/01\/%f0%9f%8e%84-atelier-des-ptits-lutin-un-grand-merci-a-tous-%f0%9f%8e%84\/\" class=\"more-link themebutton\">Read More<\/a><\/p>\n","protected":false},"author":24,"featured_media":21268,"comment_status":"closed","ping_status":"closed","sticky":false,"template":"","format":"standard","meta":{"ngg_post_thumbnail":0,"footnotes":""},"categories":[15,38,20,17,18,19,1],"tags":[],"class_list":["post-21264","post","type-post","status-publish","format-standard","has-post-thumbnail","hentry","category-actualites","category-actualites-2","category-apel","category-cycle1","category-cycle2","category-cycle3","category-non-classe"],"_links":{"self":[{"href":"https:\/\/www.ecolesaintyvesnantes.fr\/site\/wp-json\/wp\/v2\/posts\/21264","targetHints":{"allow":["GET"]}}],"collection":[{"href":"https:\/\/www.ecolesaintyvesnantes.fr\/site\/wp-json\/wp\/v2\/posts"}],"about":[{"href":"https:\/\/www.ecolesaintyvesnantes.fr\/site\/wp-json\/wp\/v2\/types\/post"}],"author":[{"embeddable":true,"href":"https:\/\/www.ecolesaintyvesnantes.fr\/site\/wp-json\/wp\/v2\/users\/24"}],"replies":[{"embeddable":true,"href":"https:\/\/www.ecolesaintyvesnantes.fr\/site\/wp-json\/wp\/v2\/comments?post=21264"}],"version-history":[{"count":6,"href":"https:\/\/www.ecolesaintyvesnantes.fr\/site\/wp-json\/wp\/v2\/posts\/21264\/revisions"}],"predecessor-version":[{"id":21271,"href":"https:\/\/www.ecolesaintyvesnantes.fr\/site\/wp-json\/wp\/v2\/posts\/21264\/revisions\/21271"}],"wp:featuredmedia":[{"embeddable":true,"href":"https:\/\/www.ecolesaintyvesnantes.fr\/site\/wp-json\/wp\/v2\/media\/21268"}],"wp:attachment":[{"href":"https:\/\/www.ecolesaintyvesnantes.fr\/site\/wp-json\/wp\/v2\/media?parent=21264"}],"wp:term":[{"taxonomy":"category","embeddable":true,"href":"https:\/\/www.ecolesaintyvesnantes.fr\/site\/wp-json\/wp\/v2\/categories?post=21264"},{"taxonomy":"post_tag","embeddable":true,"href":"https:\/\/www.ecolesaintyvesnantes.fr\/site\/wp-json\/wp\/v2\/tags?post=21264"}],"curies":[{"name":"wp","href":"https:\/\/api.w.org\/{rel}","templated":true}]}}