{"id":2202,"date":"2022-11-29T08:57:01","date_gmt":"2022-11-29T07:57:01","guid":{"rendered":"http:\/\/www.ecolesaintyvesnantes.fr\/site\/?p=2202"},"modified":"2022-11-29T08:57:01","modified_gmt":"2022-11-29T07:57:01","slug":"soirees-des-mamans-et-des-papas","status":"publish","type":"post","link":"https:\/\/www.ecolesaintyvesnantes.fr\/site\/2022\/11\/29\/soirees-des-mamans-et-des-papas\/","title":{"rendered":"Soir\u00e9es des Mamans et des Papas"},"content":{"rendered":"<p>Certains se croisent le matin&#8230; d&rsquo;autres le soir&#8230;<\/p>\n<p>Afin de faire connaissance, l&rsquo;APEL vous propose ses traditionnelles soir\u00e9es des Mamans et des Papas !<\/p>\n<ul>\n<li><strong>Le vendredi 18 novembre 2022 pour les MAMANS, chez Tata Bob\u00f9n<\/strong><\/li>\n<li><strong>Le vendredi 25 novembre 2022 pour les PAPAS, \u00e0 la cave de Saint-Jo (Vins sur vins)<\/strong><\/li>\n<\/ul>\n<p><img loading=\"lazy\" decoding=\"async\" class=\"size-full wp-image-2207\" src=\"http:\/\/www.ecolesaintyvesnantes.fr\/site\/wp-content\/uploads\/2022\/11\/32665-scaled.jpg\" alt=\"\" width=\"2560\" height=\"1281\" srcset=\"https:\/\/www.ecolesaintyvesnantes.fr\/site\/wp-content\/uploads\/2022\/11\/32665-scaled.jpg 2560w, https:\/\/www.ecolesaintyvesnantes.fr\/site\/wp-content\/uploads\/2022\/11\/32665-300x150.jpg 300w, https:\/\/www.ecolesaintyvesnantes.fr\/site\/wp-content\/uploads\/2022\/11\/32665-1024x512.jpg 1024w, https:\/\/www.ecolesaintyvesnantes.fr\/site\/wp-content\/uploads\/2022\/11\/32665-768x384.jpg 768w, https:\/\/www.ecolesaintyvesnantes.fr\/site\/wp-content\/uploads\/2022\/11\/32665-1536x768.jpg 1536w, https:\/\/www.ecolesaintyvesnantes.fr\/site\/wp-content\/uploads\/2022\/11\/32665-2048x1024.jpg 2048w\" sizes=\"auto, (max-width: 2560px) 100vw, 2560px\" \/><\/p>\n<p><img loading=\"lazy\" decoding=\"async\" class=\"size-full wp-image-2208\" src=\"http:\/\/www.ecolesaintyvesnantes.fr\/site\/wp-content\/uploads\/2022\/11\/46472-scaled.jpg\" alt=\"\" width=\"2560\" height=\"1603\" srcset=\"https:\/\/www.ecolesaintyvesnantes.fr\/site\/wp-content\/uploads\/2022\/11\/46472-scaled.jpg 2560w, https:\/\/www.ecolesaintyvesnantes.fr\/site\/wp-content\/uploads\/2022\/11\/46472-300x188.jpg 300w, https:\/\/www.ecolesaintyvesnantes.fr\/site\/wp-content\/uploads\/2022\/11\/46472-1024x641.jpg 1024w, https:\/\/www.ecolesaintyvesnantes.fr\/site\/wp-content\/uploads\/2022\/11\/46472-768x481.jpg 768w, https:\/\/www.ecolesaintyvesnantes.fr\/site\/wp-content\/uploads\/2022\/11\/46472-1536x962.jpg 1536w, https:\/\/www.ecolesaintyvesnantes.fr\/site\/wp-content\/uploads\/2022\/11\/46472-2048x1283.jpg 2048w\" sizes=\"auto, (max-width: 2560px) 100vw, 2560px\" \/>Cette ann\u00e9e, nous avons fait le choix de la proximit\u00e9 et du commerce local. Les lieux ont \u00e9t\u00e9 choisis sur la base du nombre moyen d&rsquo;inscriptions des ann\u00e9es pr\u00e9c\u00e9dentes.<\/p>\n<p><strong>ATTENTION<\/strong>, le nombre de places \u00e9tant limit\u00e9, pour celles et ceux qui ne pourraient plus s&rsquo;inscrire, merci de nous en faire part pour pouvoir affiner les recherches des futurs lieux pour l&rsquo;ann\u00e9e prochaine.<\/p>\n<p><strong>NOUVEAUTE : inscription via le site Hello-Asso, paiement imm\u00e9diat et s\u00e9curis\u00e9 par carte bancaire.<\/strong><\/p>\n<ul>\n<li>Pour la soir\u00e9e des MAMANs : <a href=\"https:\/\/www.helloasso.com\/associations \/apel-st-yves-nantes\/evenements\/soireedes-mamans\">https:\/\/www.helloasso.com\/associations \/apel-st-yves-nantes\/evenements\/soireedes-mamans<\/a><\/li>\n<li>Pour la soir\u00e9e des PAPAS : <a href=\"https:\/\/www.helloasso.com\/associations\/apel-st-yves-nantes\/evenements\/soirees-des-papas\" target=\"_blank\" rel=\"noopener noreferrer\">https:\/\/www.helloasso.com\/associations\/apel-st-yves-nantes\/evenements\/soirees-des-papas<\/a><\/li>\n<\/ul>\n<p><img loading=\"lazy\" decoding=\"async\" class=\"alignnone size-full wp-image-2205\" src=\"http:\/\/www.ecolesaintyvesnantes.fr\/site\/wp-content\/uploads\/2022\/11\/soiree-papas-et-mamans.png\" alt=\"\" width=\"1898\" height=\"1636\" srcset=\"https:\/\/www.ecolesaintyvesnantes.fr\/site\/wp-content\/uploads\/2022\/11\/soiree-papas-et-mamans.png 1898w, https:\/\/www.ecolesaintyvesnantes.fr\/site\/wp-content\/uploads\/2022\/11\/soiree-papas-et-mamans-300x259.png 300w, https:\/\/www.ecolesaintyvesnantes.fr\/site\/wp-content\/uploads\/2022\/11\/soiree-papas-et-mamans-1024x883.png 1024w, https:\/\/www.ecolesaintyvesnantes.fr\/site\/wp-content\/uploads\/2022\/11\/soiree-papas-et-mamans-768x662.png 768w, https:\/\/www.ecolesaintyvesnantes.fr\/site\/wp-content\/uploads\/2022\/11\/soiree-papas-et-mamans-1536x1324.png 1536w\" sizes=\"auto, (max-width: 1898px) 100vw, 1898px\" \/><\/p>\n","protected":false},"excerpt":{"rendered":"<p>Certains se croisent le matin&#8230; d&rsquo;autres le soir&#8230; Afin de faire connaissance, l&rsquo;APEL vous propose ses traditionnelles soir\u00e9es des Mamans et des Papas ! Le vendredi 18 novembre 2022 pour les MAMANS, chez Tata Bob\u00f9n Le vendredi 25 novembre 2022 pour les PAPAS, \u00e0 la cave de Saint-Jo (Vins sur vins) Cette ann\u00e9e, nous avons<\/p>\n<p><a href=\"https:\/\/www.ecolesaintyvesnantes.fr\/site\/2022\/11\/29\/soirees-des-mamans-et-des-papas\/\" class=\"more-link themebutton\">Read More<\/a><\/p>\n","protected":false},"author":24,"featured_media":2207,"comment_status":"closed","ping_status":"closed","sticky":false,"template":"","format":"standard","meta":{"ngg_post_thumbnail":0,"footnotes":""},"categories":[20],"tags":[],"class_list":["post-2202","post","type-post","status-publish","format-standard","has-post-thumbnail","hentry","category-apel"],"_links":{"self":[{"href":"https:\/\/www.ecolesaintyvesnantes.fr\/site\/wp-json\/wp\/v2\/posts\/2202","targetHints":{"allow":["GET"]}}],"collection":[{"href":"https:\/\/www.ecolesaintyvesnantes.fr\/site\/wp-json\/wp\/v2\/posts"}],"about":[{"href":"https:\/\/www.ecolesaintyvesnantes.fr\/site\/wp-json\/wp\/v2\/types\/post"}],"author":[{"embeddable":true,"href":"https:\/\/www.ecolesaintyvesnantes.fr\/site\/wp-json\/wp\/v2\/users\/24"}],"replies":[{"embeddable":true,"href":"https:\/\/www.ecolesaintyvesnantes.fr\/site\/wp-json\/wp\/v2\/comments?post=2202"}],"version-history":[{"count":6,"href":"https:\/\/www.ecolesaintyvesnantes.fr\/site\/wp-json\/wp\/v2\/posts\/2202\/revisions"}],"predecessor-version":[{"id":2274,"href":"https:\/\/www.ecolesaintyvesnantes.fr\/site\/wp-json\/wp\/v2\/posts\/2202\/revisions\/2274"}],"wp:featuredmedia":[{"embeddable":true,"href":"https:\/\/www.ecolesaintyvesnantes.fr\/site\/wp-json\/wp\/v2\/media\/2207"}],"wp:attachment":[{"href":"https:\/\/www.ecolesaintyvesnantes.fr\/site\/wp-json\/wp\/v2\/media?parent=2202"}],"wp:term":[{"taxonomy":"category","embeddable":true,"href":"https:\/\/www.ecolesaintyvesnantes.fr\/site\/wp-json\/wp\/v2\/categories?post=2202"},{"taxonomy":"post_tag","embeddable":true,"href":"https:\/\/www.ecolesaintyvesnantes.fr\/site\/wp-json\/wp\/v2\/tags?post=2202"}],"curies":[{"name":"wp","href":"https:\/\/api.w.org\/{rel}","templated":true}]}}