{"id":3333,"date":"2024-12-01T23:42:16","date_gmt":"2024-12-01T22:42:16","guid":{"rendered":"https:\/\/www.ecolesaintyvesnantes.fr\/site\/?p=3333"},"modified":"2024-12-01T23:42:16","modified_gmt":"2024-12-01T22:42:16","slug":"marche-de-noel-de-lecole-saint-yves","status":"publish","type":"post","link":"https:\/\/www.ecolesaintyvesnantes.fr\/site\/2024\/12\/01\/marche-de-noel-de-lecole-saint-yves\/","title":{"rendered":"March\u00e9 de No\u00ebl de l\u2019\u00e9cole Saint-Yves"},"content":{"rendered":"<div><span style=\"color: #008000;\">Ho ho ho, Christmas Is Coming !<\/span><\/div>\n<div>&nbsp;<\/div>\n<div style=\"text-align: center;\"><span style=\"color: #bf0202;\"><strong><span style=\"color: #008000;\">L\u2019Apel Saint-Yves, associ\u00e9e \u00e0 l\u2019\u00e9quipe p\u00e9dagogique, a le plaisir de vous convier<\/span> <\/strong><\/span><\/div>\n<div style=\"text-align: center;\"><span style=\"color: #bf0202;\"><strong>au MARCHE DE NO\u00cbL DE L&rsquo;ECOLE qui aura lieu le <span style=\"text-decoration: underline;\">VENDREDI 6 DECEMBRE<\/span> 2024 \u00e0 partir de 18h.<\/strong><\/span><\/div>\n<div>&nbsp;<\/div>\n<div><span style=\"color: #008000;\">Au programme :<\/span><\/div>\n<div><span style=\"color: #008000;\">&nbsp;&#8211; Animations : <strong><span style=\"color: #bf0202;\">Chants<\/span><span style=\"color: #d10404;\"> de No\u00ebl<\/span> <\/strong>par les \u00e9l\u00e8ves et la chorale de l&rsquo;\u00e9cole, <span style=\"color: #bf0202;\"><strong>lecture de contes de No\u00ebl<\/strong><\/span>, photo avec le <strong><span style=\"color: #bf0202;\">P\u00e8re No\u00ebl<\/span><\/strong><\/span><\/div>\n<div><span style=\"color: #008000;\">&nbsp;&#8211; Vente des <span style=\"color: #bf0202;\"><strong>cr\u00e9ations des enfants<\/strong><\/span><\/span><\/div>\n<div><span style=\"color: #008000;\">&nbsp;&#8211; <strong><span style=\"color: #bf0202;\">Restauration sur place<\/span> <\/strong>: hot-dogs, bretzels, vin chaud, g\u00e2teaux, cakes, bar \u00e0 huitres&#8230;<\/span><\/div>\n<div>&nbsp;<\/div>\n<div><span style=\"color: #008000;\"><strong>Important : Nous comptons sur vous pour la confections de mets sal\u00e9es (cakes sal\u00e9s, mini-quiches par exemple\u2026) et sucr\u00e9es qui seront propos\u00e9es \u00e0 la vente.<\/strong><\/span><\/div>\n<div><span style=\"color: #008000;\">Vous pourrez les apporter dans l\u2019apr\u00e8s-midi du 06\/12. Merci d\u2019avance !<\/span><\/div>\n<div>&nbsp;<\/div>\n<div><span style=\"color: #008000;\">Au plaisir de vous retrouver \u00e0 l\u2019occasion de ce prochain march\u00e9 de No\u00ebl !<\/span><\/div>\n<div>&nbsp;<\/div>\n<div><span style=\"color: #008000;\">L\u2019\u00e9quipe Apel Saint-Yves<\/span><\/div>\n<div>&nbsp;<\/div>\n<div><span style=\"color: #d10404;\"><em>Tous les b\u00e9n\u00e9fices de cet \u00e9v\u00e8nement serviront \u00e0 financer les projets de vos enfants \u00e0 l\u2019\u00e9cole.<\/em><\/span><\/div>\n<div>&nbsp;<\/div>\n<div><span style=\"color: #008000;\"><img loading=\"lazy\" decoding=\"async\" class=\"aligncenter wp-image-3339\" src=\"https:\/\/www.ecolesaintyvesnantes.fr\/site\/wp-content\/uploads\/2024\/11\/Marche-de-Noel-212x300.png\" alt=\"\" width=\"315\" height=\"446\" srcset=\"https:\/\/www.ecolesaintyvesnantes.fr\/site\/wp-content\/uploads\/2024\/11\/Marche-de-Noel-212x300.png 212w, https:\/\/www.ecolesaintyvesnantes.fr\/site\/wp-content\/uploads\/2024\/11\/Marche-de-Noel.png 656w\" sizes=\"auto, (max-width: 315px) 100vw, 315px\" \/><\/span><\/div>\n","protected":false},"excerpt":{"rendered":"<p>Ho ho ho, Christmas Is Coming ! &nbsp; L\u2019Apel Saint-Yves, associ\u00e9e \u00e0 l\u2019\u00e9quipe p\u00e9dagogique, a le plaisir de vous convier au MARCHE DE NO\u00cbL DE L&rsquo;ECOLE qui aura lieu le VENDREDI 6 DECEMBRE 2024 \u00e0 partir de 18h. &nbsp; Au programme : &nbsp;&#8211; Animations : Chants de No\u00ebl par les \u00e9l\u00e8ves et la chorale de<\/p>\n<p><a href=\"https:\/\/www.ecolesaintyvesnantes.fr\/site\/2024\/12\/01\/marche-de-noel-de-lecole-saint-yves\/\" class=\"more-link themebutton\">Read More<\/a><\/p>\n","protected":false},"author":24,"featured_media":3342,"comment_status":"closed","ping_status":"closed","sticky":false,"template":"","format":"standard","meta":{"ngg_post_thumbnail":0,"footnotes":""},"categories":[15,38,20,17,18,19,1],"tags":[],"class_list":["post-3333","post","type-post","status-publish","format-standard","has-post-thumbnail","hentry","category-actualites","category-actualites-2","category-apel","category-cycle1","category-cycle2","category-cycle3","category-non-classe"],"_links":{"self":[{"href":"https:\/\/www.ecolesaintyvesnantes.fr\/site\/wp-json\/wp\/v2\/posts\/3333","targetHints":{"allow":["GET"]}}],"collection":[{"href":"https:\/\/www.ecolesaintyvesnantes.fr\/site\/wp-json\/wp\/v2\/posts"}],"about":[{"href":"https:\/\/www.ecolesaintyvesnantes.fr\/site\/wp-json\/wp\/v2\/types\/post"}],"author":[{"embeddable":true,"href":"https:\/\/www.ecolesaintyvesnantes.fr\/site\/wp-json\/wp\/v2\/users\/24"}],"replies":[{"embeddable":true,"href":"https:\/\/www.ecolesaintyvesnantes.fr\/site\/wp-json\/wp\/v2\/comments?post=3333"}],"version-history":[{"count":8,"href":"https:\/\/www.ecolesaintyvesnantes.fr\/site\/wp-json\/wp\/v2\/posts\/3333\/revisions"}],"predecessor-version":[{"id":3349,"href":"https:\/\/www.ecolesaintyvesnantes.fr\/site\/wp-json\/wp\/v2\/posts\/3333\/revisions\/3349"}],"wp:featuredmedia":[{"embeddable":true,"href":"https:\/\/www.ecolesaintyvesnantes.fr\/site\/wp-json\/wp\/v2\/media\/3342"}],"wp:attachment":[{"href":"https:\/\/www.ecolesaintyvesnantes.fr\/site\/wp-json\/wp\/v2\/media?parent=3333"}],"wp:term":[{"taxonomy":"category","embeddable":true,"href":"https:\/\/www.ecolesaintyvesnantes.fr\/site\/wp-json\/wp\/v2\/categories?post=3333"},{"taxonomy":"post_tag","embeddable":true,"href":"https:\/\/www.ecolesaintyvesnantes.fr\/site\/wp-json\/wp\/v2\/tags?post=3333"}],"curies":[{"name":"wp","href":"https:\/\/api.w.org\/{rel}","templated":true}]}}