{"id":3467,"date":"2025-02-03T16:18:15","date_gmt":"2025-02-03T15:18:15","guid":{"rendered":"https:\/\/www.ecolesaintyvesnantes.fr\/site\/?p=3467"},"modified":"2025-02-03T16:18:15","modified_gmt":"2025-02-03T15:18:15","slug":"vente-de-gouter-07-02-a-16h45","status":"publish","type":"post","link":"https:\/\/www.ecolesaintyvesnantes.fr\/site\/2025\/02\/03\/vente-de-gouter-07-02-a-16h45\/","title":{"rendered":"VENTE DE GOUTER &#8211; 07\/02 \u00e0 16h45"},"content":{"rendered":"<p><em style=\"font-family: 'trebuchet ms', geneva, sans-serif;\"><img loading=\"lazy\" decoding=\"async\" class=\"aligncenter size-medium wp-image-3468\" src=\"https:\/\/www.ecolesaintyvesnantes.fr\/site\/wp-content\/uploads\/2025\/02\/Vente-gouters-vacs-fevrier-2025-212x300.png\" alt=\"\" width=\"212\" height=\"300\" srcset=\"https:\/\/www.ecolesaintyvesnantes.fr\/site\/wp-content\/uploads\/2025\/02\/Vente-gouters-vacs-fevrier-2025-212x300.png 212w, https:\/\/www.ecolesaintyvesnantes.fr\/site\/wp-content\/uploads\/2025\/02\/Vente-gouters-vacs-fevrier-2025-724x1024.png 724w, https:\/\/www.ecolesaintyvesnantes.fr\/site\/wp-content\/uploads\/2025\/02\/Vente-gouters-vacs-fevrier-2025-768x1086.png 768w, https:\/\/www.ecolesaintyvesnantes.fr\/site\/wp-content\/uploads\/2025\/02\/Vente-gouters-vacs-fevrier-2025-1086x1536.png 1086w, https:\/\/www.ecolesaintyvesnantes.fr\/site\/wp-content\/uploads\/2025\/02\/Vente-gouters-vacs-fevrier-2025.png 1414w\" sizes=\"auto, (max-width: 212px) 100vw, 212px\" \/><\/em><\/p>\n<p>Ch\u00e8res familles,<\/p>\n<p>L&rsquo;APEL Saint-Yves a le plaisir de vous proposer une <span style=\"font-family: 'arial black', sans-serif; color: #339966;\"><strong>vente de go\u00fbters ce <span style=\"text-decoration: underline;\">vendredi 7 f\u00e9vrier \u00e0 partir de 16h45<\/span><\/strong><\/span> d\u00e8s la sortie des classes.<\/p>\n<p>Nous vous proposons :<\/p>\n<p>&#8211; le <strong>Petit Gouter au chocolat<\/strong> ou la <strong>Briochette au sucre<\/strong> (boulangerie partenaire : Jolus) : <span style=\"color: #ff6600;\"><strong>1,5\u20ac<\/strong><\/span> ;<\/p>\n<p>&#8211; le <strong>jus de pomme<\/strong> : <span style=\"color: #ff6600;\"><strong>1\u20ac<\/strong><\/span>.<\/p>\n<p>En cette derni\u00e8re semaine de classe, toute l&rsquo;\u00e9quipe de l&rsquo;APEL vous souhaite de belles vacances d&rsquo;hiver !<\/p>\n<p><span style=\"font-family: 'trebuchet ms', geneva, sans-serif;\"><em>L\u2019\u00e9quipe APEL Saint-Yves<\/em><\/span><\/p>\n<p><span style=\"font-size: 10pt;\"><em>L&rsquo;ensemble des b\u00e9n\u00e9fices recueillis lors des ventes organis\u00e9es par les b\u00e9n\u00e9voles de l&rsquo;APEL Saint-Yves, sont int\u00e9gralement revers\u00e9s au profit des activit\u00e9s, sorties et transports scolaires de vos enfants.<\/em><\/span><\/p>\n<p>&nbsp;<\/p>\n","protected":false},"excerpt":{"rendered":"<p>Ch\u00e8res familles, L&rsquo;APEL Saint-Yves a le plaisir de vous proposer une vente de go\u00fbters ce vendredi 7 f\u00e9vrier \u00e0 partir de 16h45 d\u00e8s la sortie des classes. Nous vous proposons : &#8211; le Petit Gouter au chocolat ou la Briochette au sucre (boulangerie partenaire : Jolus) : 1,5\u20ac ; &#8211; le jus de pomme :<\/p>\n<p><a href=\"https:\/\/www.ecolesaintyvesnantes.fr\/site\/2025\/02\/03\/vente-de-gouter-07-02-a-16h45\/\" class=\"more-link themebutton\">Read More<\/a><\/p>\n","protected":false},"author":24,"featured_media":3468,"comment_status":"closed","ping_status":"closed","sticky":false,"template":"","format":"standard","meta":{"ngg_post_thumbnail":0,"footnotes":""},"categories":[15,38,20,17,18,19,1],"tags":[25,29],"class_list":["post-3467","post","type-post","status-publish","format-standard","has-post-thumbnail","hentry","category-actualites","category-actualites-2","category-apel","category-cycle1","category-cycle2","category-cycle3","category-non-classe","tag-apel-saint-yves","tag-vente-gouter"],"_links":{"self":[{"href":"https:\/\/www.ecolesaintyvesnantes.fr\/site\/wp-json\/wp\/v2\/posts\/3467","targetHints":{"allow":["GET"]}}],"collection":[{"href":"https:\/\/www.ecolesaintyvesnantes.fr\/site\/wp-json\/wp\/v2\/posts"}],"about":[{"href":"https:\/\/www.ecolesaintyvesnantes.fr\/site\/wp-json\/wp\/v2\/types\/post"}],"author":[{"embeddable":true,"href":"https:\/\/www.ecolesaintyvesnantes.fr\/site\/wp-json\/wp\/v2\/users\/24"}],"replies":[{"embeddable":true,"href":"https:\/\/www.ecolesaintyvesnantes.fr\/site\/wp-json\/wp\/v2\/comments?post=3467"}],"version-history":[{"count":3,"href":"https:\/\/www.ecolesaintyvesnantes.fr\/site\/wp-json\/wp\/v2\/posts\/3467\/revisions"}],"predecessor-version":[{"id":3479,"href":"https:\/\/www.ecolesaintyvesnantes.fr\/site\/wp-json\/wp\/v2\/posts\/3467\/revisions\/3479"}],"wp:featuredmedia":[{"embeddable":true,"href":"https:\/\/www.ecolesaintyvesnantes.fr\/site\/wp-json\/wp\/v2\/media\/3468"}],"wp:attachment":[{"href":"https:\/\/www.ecolesaintyvesnantes.fr\/site\/wp-json\/wp\/v2\/media?parent=3467"}],"wp:term":[{"taxonomy":"category","embeddable":true,"href":"https:\/\/www.ecolesaintyvesnantes.fr\/site\/wp-json\/wp\/v2\/categories?post=3467"},{"taxonomy":"post_tag","embeddable":true,"href":"https:\/\/www.ecolesaintyvesnantes.fr\/site\/wp-json\/wp\/v2\/tags?post=3467"}],"curies":[{"name":"wp","href":"https:\/\/api.w.org\/{rel}","templated":true}]}}